{"id":490,"__str__":"Resposta \u00e0 Indica\u00e7\u00e3o - Resposta ao Of\u00edcio PHCS 034 -Remarcando reuni\u00e3o co de 13/02/2023 por Cleber Avila Barbosa -  Reitor dos Institutos Federais","link_detail_backend":"/materia/documentoacessorio/490","metadata":{},"nome":"Resposta ao Of\u00edcio PHCS 034 -Remarcando reuni\u00e3o co","data":"2023-02-13","autor":"Cleber Avila Barbosa -  Reitor dos Institutos Federais","ementa":"Resposta ao Of\u00edcio PHCS 034 -Remarcando reuni\u00e3o com o Reitor dos Institutos Federais","indexacao":"","arquivo":"http://sapl.ourofino.mg.leg.br/media/sapl/public/documentoacessorio/2023/490/resposta_ao_oficio_phcs_034_-remarcando_reuniao_com_o_reitor_dos_institutos_federais.pdf","data_ultima_atualizacao":"2023-02-13T14:49:51.790552-03:00","materia":3250,"tipo":13}