{"id":541,"__str__":"Resposta \u00e0 Indica\u00e7\u00e3o - Resposta a Indica\u00e7\u00e3o 017 de 08/03/2023 por Josiane de P\u00e1dua Lopes - Diretora Municipal de Educa\u00e7\u00e3o","link_detail_backend":"/materia/documentoacessorio/541","metadata":{},"nome":"Resposta a Indica\u00e7\u00e3o 017","data":"2023-03-08","autor":"Josiane de P\u00e1dua Lopes - Diretora Municipal de Educa\u00e7\u00e3o","ementa":"","indexacao":"","arquivo":"http://sapl.ourofino.mg.leg.br/media/sapl/public/documentoacessorio/2023/541/resposta_a_indicacao_017.pdf","data_ultima_atualizacao":"2023-03-14T13:15:34.703729-03:00","materia":3336,"tipo":13}