{"id":547,"__str__":"Resposta \u00e0 Of\u00edcio - Resposta of cljfrf 03 de 20/03/2023 por Sheila de Oliveira Faria - Diretora Municipal de Sa\u00fade","link_detail_backend":"/materia/documentoacessorio/547","metadata":{},"nome":"Resposta of cljfrf 03","data":"2023-03-20","autor":"Sheila de Oliveira Faria - Diretora Municipal de Sa\u00fade","ementa":"","indexacao":"","arquivo":"http://sapl.ourofino.mg.leg.br/media/sapl/public/documentoacessorio/2023/547/05102100.pdf","data_ultima_atualizacao":"2023-03-20T13:36:02.873492-03:00","materia":3444,"tipo":14}