{"id":775,"__str__":"Mo\u00e7\u00e3o - 5 de 22/02/2024 por Maurizio Fedeli C\u00f4nsul da Republica da It\u00e1lia","link_detail_backend":"/materia/documentoacessorio/775","metadata":{},"nome":"5","data":"2024-02-22","autor":"Maurizio Fedeli C\u00f4nsul da Republica da It\u00e1lia","ementa":"","indexacao":"","arquivo":"http://sapl.ourofino.mg.leg.br/media/sapl/public/documentoacessorio/2024/775/mocao_republica_da_italia.pdf","data_ultima_atualizacao":"2024-02-22T15:05:58.029872-03:00","materia":5545,"tipo":5}