{"id":10528,"__str__":"Parecer da Comiss\u00e3o de Leg., Jus., Fin. e Red. n\u00ba 171 de 2025","link_detail_backend":"/materia/10528","metadata":{},"numero":171,"ano":2025,"numero_protocolo":null,"data_apresentacao":"2025-12-23","tipo_apresentacao":"","data_publicacao":null,"numero_origem_externa":"","ano_origem_externa":null,"data_origem_externa":null,"apelido":"","dias_prazo":null,"data_fim_prazo":null,"em_tramitacao":false,"polemica":false,"objeto":"","complementar":false,"ementa":"Assegura \u00e0s pessoas com Transtorno do Espectro Autista (TEA) e outras com restri\u00e7\u00f5es alimentares o direito de ingressar e permanecer em locais de uso coletivo com alimentos e utens\u00edlios de uso pessoal, e d\u00e1 outras provid\u00eancias.","indexacao":"","observacao":"","resultado":"","texto_original":"http://sapl.ourofino.mg.leg.br/media/sapl/public/materialegislativa/2025/10528/ccj_01.pdf","data_ultima_atualizacao":"2025-12-23T16:25:14.057823-03:00","ip":"189.126.226.182","ultima_edicao":"2025-12-23T16:24:56.337912-03:00","tipo":40,"regime_tramitacao":1,"tipo_origem_externa":null,"local_origem_externa":null,"user":4,"anexadas":[],"autores":[61,56,29]}