{"id":10888,"__str__":"Indica\u00e7\u00e3o n\u00ba 49 de 2026","link_detail_backend":"/materia/10888","metadata":{},"numero":49,"ano":2026,"numero_protocolo":null,"data_apresentacao":"2026-02-27","tipo_apresentacao":"","data_publicacao":null,"numero_origem_externa":"","ano_origem_externa":null,"data_origem_externa":null,"apelido":"","dias_prazo":null,"data_fim_prazo":null,"em_tramitacao":false,"polemica":false,"objeto":"","complementar":false,"ementa":"INDICA\u00c7\u00c3O  ao  Exmo.  Sr.  Prefeito  Municipal,  Antonio  Benedito  Salgueiro  Miguel, \r\n SUGERINDO  A  REVITALIZA\u00c7\u00c3O  DA  PRA\u00c7A  DA  BARONESA, \r\n LOCALIZADA  EM  FRENTE  \u00c0  MA\u00c7ONARIA,  ONDE  SE  ENCONTRA  O \r\n BOIADEIRO,  COM  ESPECIAL  ATEN\u00c7\u00c3O  \u00c0  MELHORIA  DA  ILUMINA\u00c7\u00c3O \r\n P\u00daBLICA DO LOCAL.","indexacao":"","observacao":"","resultado":"","texto_original":"http://sapl.ourofino.mg.leg.br/media/sapl/public/materialegislativa/2026/10888/indd_049.pdf","data_ultima_atualizacao":"2026-02-27T13:38:47.302056-03:00","ip":"189.126.226.182","ultima_edicao":"2026-02-27T13:37:48.007874-03:00","tipo":5,"regime_tramitacao":1,"tipo_origem_externa":null,"local_origem_externa":null,"user":4,"anexadas":[],"autores":[61]}