{"id":10912,"__str__":"Mo\u00e7\u00e3o n\u00ba 18 de 2026","link_detail_backend":"/materia/10912","metadata":{},"numero":18,"ano":2026,"numero_protocolo":null,"data_apresentacao":"2026-02-27","tipo_apresentacao":"","data_publicacao":null,"numero_origem_externa":"","ano_origem_externa":null,"data_origem_externa":null,"apelido":"","dias_prazo":null,"data_fim_prazo":null,"em_tramitacao":false,"polemica":false,"objeto":"","complementar":false,"ementa":"Mo\u00e7\u00e3o de Apelo ao Excelent\u00edssimo Senhor Prefeito Municipal de Ouro Fino, Ant\u00f4nio Benedito Salgueiro Miguel, no sentido de que sejam envidados esfor\u00e7os para providenciar a substitui\u00e7\u00e3o do \u00f4nibus atualmente utilizado pela Associa\u00e7\u00e3o de Pais e Amigos dos Excepcionais de Ouro Fino, por um \u00f4nibus novo, equipado com plataforma elevat\u00f3ria de acessibilidade, garantindo melhores condi\u00e7\u00f5es de transporte aos seus assistidos.","indexacao":"","observacao":"","resultado":"","texto_original":"http://sapl.ourofino.mg.leg.br/media/sapl/public/materialegislativa/2026/10912/mocao_018.pdf","data_ultima_atualizacao":"2026-03-04T15:25:12.120449-03:00","ip":"189.126.226.182","ultima_edicao":"2026-02-27T14:29:45.526904-03:00","tipo":8,"regime_tramitacao":1,"tipo_origem_externa":null,"local_origem_externa":null,"user":4,"anexadas":[],"autores":[23]}