{"id":10981,"__str__":"Parecer Jur\u00eddico n\u00ba 40 de 2026","link_detail_backend":"/materia/10981","metadata":{},"numero":40,"ano":2026,"numero_protocolo":null,"data_apresentacao":"2026-03-05","tipo_apresentacao":"","data_publicacao":null,"numero_origem_externa":"","ano_origem_externa":null,"data_origem_externa":null,"apelido":"","dias_prazo":null,"data_fim_prazo":null,"em_tramitacao":false,"polemica":false,"objeto":"","complementar":false,"ementa":"Disp\u00f5e sobre a institui\u00e7\u00e3o da Pol\u00edtica Municipal de Aten\u00e7\u00e3o Integral \u00e0s Pessoas com Feridas Cr\u00f4nicas no Munic\u00edpio de Ouro Fino - MG e d\u00e1 outras provid\u00eancias","indexacao":"","observacao":"","resultado":"","texto_original":"http://sapl.ourofino.mg.leg.br/media/sapl/public/materialegislativa/2026/10981/pj_3653.pdf","data_ultima_atualizacao":"2026-03-05T14:39:28.142044-03:00","ip":"189.126.226.182","ultima_edicao":"2026-03-05T14:39:11.337428-03:00","tipo":38,"regime_tramitacao":1,"tipo_origem_externa":null,"local_origem_externa":null,"user":4,"anexadas":[],"autores":[39]}