{"id":11039,"__str__":"Mo\u00e7\u00e3o n\u00ba 23 de 2026","link_detail_backend":"/materia/11039","metadata":{},"numero":23,"ano":2026,"numero_protocolo":null,"data_apresentacao":"2026-03-13","tipo_apresentacao":"","data_publicacao":null,"numero_origem_externa":"","ano_origem_externa":null,"data_origem_externa":null,"apelido":"","dias_prazo":null,"data_fim_prazo":null,"em_tramitacao":true,"polemica":false,"objeto":"","complementar":false,"ementa":"Mo\u00e7\u00e3o de Agradecimento \u00e0 Empresa Cimed, na pessoa de seu CEO, Jo\u00e3o Adibe, pelo gesto de solidariedade e responsabilidade social demonstrado diante das fortes chuvas que atingiram o Munic\u00edpio de Juiz de Fora e a Cidade de Ub\u00e1, na regi\u00e3o da Zona da Mata.","indexacao":"","observacao":"","resultado":"","texto_original":"http://sapl.ourofino.mg.leg.br/media/sapl/public/materialegislativa/2026/11039/mocao_023.pdf","data_ultima_atualizacao":"2026-03-24T15:10:02.970376-03:00","ip":"189.126.226.182","ultima_edicao":"2026-03-24T15:10:02.841981-03:00","tipo":8,"regime_tramitacao":1,"tipo_origem_externa":null,"local_origem_externa":null,"user":4,"anexadas":[],"autores":[29]}