{"id":11096,"__str__":"Parecer da Comiss\u00e3o de \u00c9tica e Decoro Parlamentar n\u00ba 6 de 2026","link_detail_backend":"/materia/11096","metadata":{},"numero":6,"ano":2026,"numero_protocolo":null,"data_apresentacao":"2026-03-19","tipo_apresentacao":"","data_publicacao":null,"numero_origem_externa":"","ano_origem_externa":null,"data_origem_externa":null,"apelido":"","dias_prazo":null,"data_fim_prazo":null,"em_tramitacao":false,"polemica":false,"objeto":"","complementar":false,"ementa":"\u201cDisp\u00f5e  sobre  a  concess\u00e3o  do  T\u00edtulo \r\nde  Cidad\u00e3o  Honor\u00e1rio  Ourofinense  ao \r\nIlmo. Sr. Rafael L\u00facio da Silva.\u201d","indexacao":"","observacao":"","resultado":"","texto_original":"http://sapl.ourofino.mg.leg.br/media/sapl/public/materialegislativa/2026/11096/etica_012.pdf","data_ultima_atualizacao":"2026-03-19T13:41:40.568475-03:00","ip":"189.126.226.182","ultima_edicao":"2026-03-19T13:41:17.150506-03:00","tipo":50,"regime_tramitacao":1,"tipo_origem_externa":null,"local_origem_externa":null,"user":4,"anexadas":[],"autores":[11]}