{"id":11152,"__str__":"Mo\u00e7\u00e3o n\u00ba 29 de 2026","link_detail_backend":"/materia/11152","metadata":{},"numero":29,"ano":2026,"numero_protocolo":null,"data_apresentacao":"2026-03-26","tipo_apresentacao":"","data_publicacao":null,"numero_origem_externa":"","ano_origem_externa":null,"data_origem_externa":null,"apelido":"","dias_prazo":null,"data_fim_prazo":null,"em_tramitacao":true,"polemica":false,"objeto":"","complementar":false,"ementa":"MO\u00c7\u00c3O  DE  GRATID\u00c3O  E  APLAUSOS  ,  em \r\n reconhecimento  \u00e0  louv\u00e1vel  iniciativa  do  Projeto  \u201cOltre  Confini  e  Generazioni:  Storie \r\n di Emigrazione dalla Valle dei Laghi\u201d.","indexacao":"","observacao":"","resultado":"","texto_original":"http://sapl.ourofino.mg.leg.br/media/sapl/public/materialegislativa/2026/11152/mocao_29.pdf","data_ultima_atualizacao":"2026-03-31T12:42:12.694579-03:00","ip":"189.126.226.182","ultima_edicao":"2026-03-31T12:42:12.518445-03:00","tipo":8,"regime_tramitacao":1,"tipo_origem_externa":null,"local_origem_externa":null,"user":4,"anexadas":[],"autores":[21,23]}