{"id":11352,"__str__":"Mo\u00e7\u00e3o n\u00ba 39 de 2026","link_detail_backend":"/materia/11352","metadata":{},"numero":39,"ano":2026,"numero_protocolo":null,"data_apresentacao":"2026-04-09","tipo_apresentacao":"","data_publicacao":null,"numero_origem_externa":"","ano_origem_externa":null,"data_origem_externa":null,"apelido":"","dias_prazo":null,"data_fim_prazo":null,"em_tramitacao":true,"polemica":false,"objeto":"","complementar":false,"ementa":"MO\u00c7\u00c3O  DE \r\n REP\u00daDIO  ABSOLUTO,  INDIGNA\u00c7\u00c3O  E  TOTAL  INCONFORMISMO  DIANTE \r\n DAS  DECLARA\u00c7\u00d5ES  DO  VEREADOR  OSNI  NOVACK,  DO  MUNIC\u00cdPIO  DE \r\n MAJOR  VIEIRA/SC,  QUE,  EM  SESS\u00c3O  P\u00daBLICA,  SUGERIU  A  MORTE  DE \r\n C\u00c3ES  EM  SITUA\u00c7\u00c3O  DE  RUA  COMO  SOLU\u00c7\u00c3O  PARA  PROBLEMAS \r\n URBANOS.","indexacao":"","observacao":"","resultado":"","texto_original":"http://sapl.ourofino.mg.leg.br/media/sapl/public/materialegislativa/2026/11352/mocao_039.pdf","data_ultima_atualizacao":"2026-04-14T13:43:42.155075-03:00","ip":"189.126.226.182","ultima_edicao":"2026-04-14T13:43:42.015770-03:00","tipo":8,"regime_tramitacao":1,"tipo_origem_externa":null,"local_origem_externa":null,"user":4,"anexadas":[],"autores":[29]}