{"id":11515,"__str__":"Mo\u00e7\u00e3o n\u00ba 46 de 2026","link_detail_backend":"/materia/11515","metadata":{},"numero":46,"ano":2026,"numero_protocolo":null,"data_apresentacao":"2026-04-13","tipo_apresentacao":"","data_publicacao":null,"numero_origem_externa":"","ano_origem_externa":null,"data_origem_externa":null,"apelido":"","dias_prazo":null,"data_fim_prazo":null,"em_tramitacao":true,"polemica":false,"objeto":"","complementar":false,"ementa":"MO\u00c7\u00c3O DE APELO, para que sejam envidados esfor\u00e7os no sentido de viabilizar, no dia 16 de mar\u00e7o de 2027, data em que se comemora o 278\u00ba anivers\u00e1rio do Munic\u00edpio de Ouro Fino/MG, a participa\u00e7\u00e3o de aeronaves do Ex\u00e9rcito Brasileiro, especialmente modelos Jaguar, Pantera ou Esquilo, com a realiza\u00e7\u00e3o de demonstra\u00e7\u00e3o a\u00e9rea de resgate.","indexacao":"","observacao":"","resultado":"","texto_original":"http://sapl.ourofino.mg.leg.br/media/sapl/public/materialegislativa/2026/11515/mocao_046.pdf","data_ultima_atualizacao":"2026-04-23T14:12:17.878048-03:00","ip":"189.126.226.182","ultima_edicao":"2026-04-23T13:30:26.854259-03:00","tipo":8,"regime_tramitacao":1,"tipo_origem_externa":null,"local_origem_externa":null,"user":4,"anexadas":[],"autores":[21,23]}