{"id":402,"__str__":"Projeto de Lei Complementar n\u00ba 7 de 2021","link_detail_backend":"/materia/402","metadata":{},"numero":7,"ano":2021,"numero_protocolo":null,"data_apresentacao":"2021-08-12","tipo_apresentacao":"","data_publicacao":null,"numero_origem_externa":"","ano_origem_externa":null,"data_origem_externa":null,"apelido":"","dias_prazo":null,"data_fim_prazo":null,"em_tramitacao":false,"polemica":false,"objeto":"","complementar":false,"ementa":"Altera a Lei Complementar n.\u00ba 026/2020, que disp\u00f5e sobre prote\u00e7\u00e3o e combate a maus tratos aos animais e d\u00e1 outras provid\u00eancias","indexacao":"","observacao":"","resultado":"","texto_original":null,"data_ultima_atualizacao":"2022-01-19T13:18:12.362112-03:00","ip":"189.127.246.223","ultima_edicao":"2022-01-19T13:17:39.061504-03:00","tipo":1,"regime_tramitacao":1,"tipo_origem_externa":null,"local_origem_externa":null,"user":2,"anexadas":[],"autores":[22]}