{"id":895,"__str__":"Parecer da Comiss\u00e3o de Leg., Jus., Fin. e Red. n\u00ba 21 de 2022","link_detail_backend":"/materia/895","metadata":{},"numero":21,"ano":2022,"numero_protocolo":null,"data_apresentacao":"2022-03-31","tipo_apresentacao":"","data_publicacao":null,"numero_origem_externa":"","ano_origem_externa":null,"data_origem_externa":null,"apelido":"","dias_prazo":null,"data_fim_prazo":null,"em_tramitacao":false,"polemica":false,"objeto":"","complementar":false,"ementa":"Parecer em rela\u00e7\u00e3o ao Projeto de Lei n.\u00ba 3.294/2022, de autoria do Vereador Tiago Bazolli de Moraes, que \u201cDeclara de Utilidade P\u00fablica a Associa\u00e7\u00e3o Projeto de Recupera\u00e7\u00e3o e Ressocializa\u00e7\u00e3o ao Dependente Qu\u00edmico e Familiares -PROREDEQUI\u201d.","indexacao":"","observacao":"","resultado":"","texto_original":"http://sapl.ourofino.mg.leg.br/media/sapl/public/materialegislativa/2022/895/3294_parecer_projeto_proredequi.pdf","data_ultima_atualizacao":"2022-04-20T13:48:08.017391-03:00","ip":"189.126.230.114","ultima_edicao":"2022-04-04T14:40:58.567431-03:00","tipo":40,"regime_tramitacao":1,"tipo_origem_externa":null,"local_origem_externa":null,"user":3,"anexadas":[],"autores":[1]}