{"id":966,"__str__":"Parecer da Comiss\u00e3o de Leg., Jus., Fin. e Red. n\u00ba 23 de 2022","link_detail_backend":"/materia/966","metadata":{},"numero":23,"ano":2022,"numero_protocolo":null,"data_apresentacao":"2022-04-18","tipo_apresentacao":"","data_publicacao":null,"numero_origem_externa":"","ano_origem_externa":null,"data_origem_externa":null,"apelido":"","dias_prazo":null,"data_fim_prazo":null,"em_tramitacao":false,"polemica":false,"objeto":"","complementar":false,"ementa":"Parecer em rela\u00e7\u00e3o ao Projeto de Resolu\u00e7\u00e3o n.\u00ba 001/2022, que \u201c Insere o Inciso VII, no artigo 4\u00ba da Resolu\u00e7\u00e3o n.\u00ba 002/2017, que cria o\r\nCAFE \u2013 Centro de Apoio e Fortalecimento \u00e0s Entidades no \u00e2mbito do Poder Legislativo Municipal","indexacao":"","observacao":"","resultado":"","texto_original":"http://sapl.ourofino.mg.leg.br/media/sapl/public/materialegislativa/2022/966/parecer_projeto_resoluouo.pdf","data_ultima_atualizacao":"2022-04-18T13:49:41.672124-03:00","ip":"189.126.230.112","ultima_edicao":"2022-04-18T13:42:50.202539-03:00","tipo":40,"regime_tramitacao":1,"tipo_origem_externa":null,"local_origem_externa":null,"user":3,"anexadas":[],"autores":[1]}