{"id":6666,"__str__":"Parecer da Comiss\u00e3o de Leg., Jus., Fin. e Red. n\u00ba 25 de 2023 | Inclu\u00edda na Ordem do Dia para Vota\u00e7\u00e3o | 28/03/2023","link_detail_backend":"/materia/tramitacao/6666","metadata":{},"timestamp":"2023-03-29T13:35:00.031478-03:00","data_tramitacao":"2023-03-28","data_encaminhamento":"2023-03-28","urgente":false,"turno":"","texto":"","data_fim_prazo":null,"ip":"189.126.226.182","ultima_edicao":"2023-03-29T13:34:58.718750-03:00","status":49,"materia":3685,"unidade_tramitacao_local":3,"unidade_tramitacao_destino":15,"user":10}