{"id":9041,"__str__":"Parecer da Comiss\u00e3o de Leg., Jus., Fin. e Red. n\u00ba 72 de 2023 | Regime de Urg. Especial-Apresenta\u00e7\u00e3o e Vota\u00e7\u00e3o mesma Sess\u00e3o | 16/08/2023","link_detail_backend":"/materia/tramitacao/9041","metadata":{},"timestamp":"2023-08-17T14:14:14.815075-03:00","data_tramitacao":"2023-08-16","data_encaminhamento":null,"urgente":false,"turno":"","texto":"","data_fim_prazo":null,"ip":"189.126.226.182","ultima_edicao":"2023-08-17T14:14:05.475192-03:00","status":79,"materia":4581,"unidade_tramitacao_local":3,"unidade_tramitacao_destino":15,"user":10}